[{"@context":"https:\/\/schema.org\/","@type":"Article","@id":"https:\/\/www.marinara.sk\/budte-trendy-s-farbou-roka-2019\/#Article","mainEntityOfPage":"https:\/\/www.marinara.sk\/budte-trendy-s-farbou-roka-2019\/","headline":"Bu\u010fte trendy s farbou roka 2019","name":"Bu\u010fte trendy s farbou roka 2019","description":"Iste ste si u\u017e v\u0161imli, \u017ee ka\u017ed\u00fd rok sa obchody naplnia farbou, ktor\u00e1 nesme ch\u00fdba\u0165 v \u017eiadnom \u0161atn\u00edku. Je to preto, \u017ee ve\u013emajstri z m\u00f3dnych firiem sa spoja a vyber\u00fa farbu, ktor\u00e1 potom vl\u00e1dne po\u010das nasleduj\u00facich dvan\u00e1stich mesiacov. Uplynul\u00fd rok sa niesol v mysteri\u00f3znych fialov\u00fdch odtie\u0148och. Nasleduj\u00face mesiace sa v\u0161ak m\u00f3dne zna\u010dky pretavia sk\u00f4r do...","datePublished":"2025-02-25","dateModified":"2023-04-27","author":{"@type":"Person","@id":"https:\/\/www.marinara.sk\/author\/#Person","name":"","url":"https:\/\/www.marinara.sk\/author\/","identifier":1,"image":{"@type":"ImageObject","@id":"https:\/\/secure.gravatar.com\/avatar\/cbcb92d2d459f60d1dc08d6e5973c6b0ed1017e8a3b51da0599e03841cfa81e6?s=96&d=mm&r=g","url":"https:\/\/secure.gravatar.com\/avatar\/cbcb92d2d459f60d1dc08d6e5973c6b0ed1017e8a3b51da0599e03841cfa81e6?s=96&d=mm&r=g","height":96,"width":96}},"publisher":{"@type":"Organization","name":"marinara.sk","logo":{"@type":"ImageObject","@id":"\/logo.png","url":"\/logo.png","width":600,"height":60}},"image":{"@type":"ImageObject","@id":"https:\/\/www.marinara.sk\/wp-content\/uploads\/img_a297169_w16757_t1550849131.jpg","url":"https:\/\/www.marinara.sk\/wp-content\/uploads\/img_a297169_w16757_t1550849131.jpg","height":0,"width":0},"url":"https:\/\/www.marinara.sk\/budte-trendy-s-farbou-roka-2019\/","wordCount":400,"articleBody":"Iste ste si u\u017e v\u0161imli, \u017ee ka\u017ed\u00fd rok sa obchody naplnia farbou, ktor\u00e1 nesme ch\u00fdba\u0165 v \u017eiadnom \u0161atn\u00edku. Je to preto, \u017ee ve\u013emajstri z m\u00f3dnych firiem sa spoja a vyber\u00fa farbu, ktor\u00e1 potom vl\u00e1dne po\u010das nasleduj\u00facich dvan\u00e1stich mesiacov. Uplynul\u00fd rok sa niesol v mysteri\u00f3znych fialov\u00fdch odtie\u0148och. Nasleduj\u00face mesiace sa v\u0161ak m\u00f3dne zna\u010dky pretavia sk\u00f4r do ve\u013emi jemnej a optimistickej n\u00e1lady a prines\u00fa n\u00e1m tak do \u0161atn\u00edkov d\u00e1vku nov\u00e9ho \u017eivota. Odborn\u00edci vybrali na tento rok ne\u017en\u00fa koralov\u00fa farbu, ktor\u00e1 n\u00e1m bude kra\u013eova\u0165 vo svete m\u00f3dy. Spolo\u010dnos\u0165 Pantone, ktor\u00e1 farby roka vyber\u00e1, op\u00edsala tento odtie\u0148 ako \u201efarbu \u017eivota so zlat\u00fdm podt\u00f3nom, ktor\u00fd jej dod\u00e1va svie\u017eos\u0165\u201c. Koralov\u00e1 farba je symbolom \u017eivota, je svie\u017ea ako koraly v tropick\u00fdch moriach, jemn\u00e1 a ne\u017en\u00e1 ako novoroden\u00e9 b\u00e1b\u00e4tko. Ve\u010f aj v koralov\u00fdch \u00fatesoch na dne oce\u00e1nu je ru\u0161no a veselo. S\u00fa predsa zdrojom \u017eivota. T\u00e1to farba v\u00e1s v\u0161ak nem\u00e1 podpori\u0165 v upon\u00e1h\u013eanom svete, ale pr\u00e1ve naopak ho trochu upokoji\u0165. Jej svetl\u00e9 odtiene v\u00e1m dodaj\u00fa d\u00e1vku pohody, ktor\u00fa v tomto r\u00fdchlom svete technol\u00f3gi\u00ed v\u0161etci potrebujeme ako so\u013e. Koralov\u00e1 farba dod\u00e1 v\u00e1\u0161mu \u0161t\u00fdlu nov\u00fd optimistick\u00fd vzh\u013ead a prinesie nielen do v\u00e1\u0161ho \u0161atn\u00edka, ale i do cel\u00e9ho sveta viac l\u00e1sky a optimizmu. Mil\u00e9 d\u00e1my, nespoliehajte sa v\u0161ak, \u017ee len koralov\u00e1 farba z v\u00e1s sprav\u00ed neodolate\u013en\u00fa a \u0161t\u00fdlov\u00fa ikonu. Ke\u010f si nak\u00fapite nov\u00e9 k\u00fasky, nezabudnite myslie\u0165 aj na to, aby ste ich mali s \u010d\u00edm zladi\u0165. S novou farbou sa pravidl\u00e1 nemenia, st\u00e1le vo svete m\u00f3dy plat\u00ed, \u017ee \u010distota je z\u00e1klad a menej je niekedy viac. Takisto si treba d\u00e1va\u0165 pozor na \u0161pinav\u00e9 top\u00e1nky, ohryzen\u00e9 nechty, \u010di o\u0161umel\u00e9 kabelky. Nebojte sa by\u0165 extravagantn\u00e9, nebojte sa by\u0165 sam\u00e9 sebou, ale dbajte na detaily. Ani tie najdrah\u0161ie koralov\u00e9 \u0161aty nebud\u00fa p\u00f4sobi\u0165 p\u00f4vabne so star\u00fdmi a zni\u010den\u00fdmi lodi\u010dkami, neupraven\u00fdmi rukami a strapat\u00fdmi vlasmi. Len farba z v\u00e1s kr\u00e1\u013eovn\u00fa neurob\u00ed. Dajte si na sebe z\u00e1le\u017ea\u0165 a dodajte aj vy novej farbe roka ten spr\u00e1vny \u0161mrnc.                                                                                                                                                                                                                                                                                                                                                                                        4.3\/5 - (6 votes)        "},{"@context":"https:\/\/schema.org\/","@type":"BreadcrumbList","itemListElement":[{"@type":"ListItem","position":1,"name":"Bu\u010fte trendy s farbou roka 2019","item":"https:\/\/www.marinara.sk\/budte-trendy-s-farbou-roka-2019\/#breadcrumbitem"}]}]