{"@context":"https:\/\/schema.org\/","@type":"CollectionPage","@id":"https:\/\/www.marinara.sk\/sluzby\/#CollectionPage","headline":"Slu\u017eby Category","description":"","url":"https:\/\/www.marinara.sk\/sluzby\/","hasPart":[{"@type":"Article","@id":"https:\/\/www.marinara.sk\/zmente-svoj-zivot-kym-sa-da\/","headline":"Zme\u0148te svoj \u017eivot k\u00fdm sa d\u00e1","url":"https:\/\/www.marinara.sk\/zmente-svoj-zivot-kym-sa-da\/","datePublished":"2019-08-25","dateModified":"2023-04-27","mainEntityOfPage":"https:\/\/www.marinara.sk\/zmente-svoj-zivot-kym-sa-da\/","author":{"@type":"Person","@id":"https:\/\/www.marinara.sk\/author\/#Person","name":"","url":"https:\/\/www.marinara.sk\/author\/","identifier":1,"image":{"@type":"ImageObject","@id":"https:\/\/secure.gravatar.com\/avatar\/cbcb92d2d459f60d1dc08d6e5973c6b0ed1017e8a3b51da0599e03841cfa81e6?s=96&d=mm&r=g","url":"https:\/\/secure.gravatar.com\/avatar\/cbcb92d2d459f60d1dc08d6e5973c6b0ed1017e8a3b51da0599e03841cfa81e6?s=96&d=mm&r=g","height":96,"width":96}},"publisher":{"@type":"Organization","name":"marinara.sk","logo":{"@type":"ImageObject","@id":"\/logo.png","url":"\/logo.png","width":600,"height":60}},"image":{"@type":"ImageObject","@id":"https:\/\/www.marinara.sk\/wp-content\/uploads\/img_a305580_w16815_t1567009664.jpg","url":"https:\/\/www.marinara.sk\/wp-content\/uploads\/img_a305580_w16815_t1567009664.jpg","height":0,"width":0},"keywords":null},{"@type":"Article","@id":"https:\/\/www.marinara.sk\/sluzby-chovatelom\/","headline":"Slu\u017eby chovate\u013eom","url":"https:\/\/www.marinara.sk\/sluzby-chovatelom\/","datePublished":"2019-07-25","dateModified":"2023-04-27","mainEntityOfPage":"https:\/\/www.marinara.sk\/sluzby-chovatelom\/","author":{"@type":"Person","@id":"https:\/\/www.marinara.sk\/author\/#Person","name":"","url":"https:\/\/www.marinara.sk\/author\/","identifier":1,"image":{"@type":"ImageObject","@id":"https:\/\/secure.gravatar.com\/avatar\/cbcb92d2d459f60d1dc08d6e5973c6b0ed1017e8a3b51da0599e03841cfa81e6?s=96&d=mm&r=g","url":"https:\/\/secure.gravatar.com\/avatar\/cbcb92d2d459f60d1dc08d6e5973c6b0ed1017e8a3b51da0599e03841cfa81e6?s=96&d=mm&r=g","height":96,"width":96}},"publisher":{"@type":"Organization","name":"marinara.sk","logo":{"@type":"ImageObject","@id":"\/logo.png","url":"\/logo.png","width":600,"height":60}},"image":{"@type":"ImageObject","@id":"https:\/\/www.marinara.sk\/wp-content\/uploads\/img_a304692_w16647_t1565888339.jpg","url":"https:\/\/www.marinara.sk\/wp-content\/uploads\/img_a304692_w16647_t1565888339.jpg","height":0,"width":0},"keywords":null},{"@type":"Article","@id":"https:\/\/www.marinara.sk\/slovensky-turizmus-si-stale-nevsimol-ze-zaciatok-letnej-sezony-nie-je-v-juli\/","headline":"Slovensk\u00fd turizmus si st\u00e1le nev\u0161imol, \u017ee za\u010diatok letnej sez\u00f3ny nie je v j\u00fali?","url":"https:\/\/www.marinara.sk\/slovensky-turizmus-si-stale-nevsimol-ze-zaciatok-letnej-sezony-nie-je-v-juli\/","datePublished":"2019-05-25","dateModified":"2023-04-27","mainEntityOfPage":"https:\/\/www.marinara.sk\/slovensky-turizmus-si-stale-nevsimol-ze-zaciatok-letnej-sezony-nie-je-v-juli\/","author":{"@type":"Person","@id":"https:\/\/www.marinara.sk\/author\/#Person","name":"","url":"https:\/\/www.marinara.sk\/author\/","identifier":1,"image":{"@type":"ImageObject","@id":"https:\/\/secure.gravatar.com\/avatar\/cbcb92d2d459f60d1dc08d6e5973c6b0ed1017e8a3b51da0599e03841cfa81e6?s=96&d=mm&r=g","url":"https:\/\/secure.gravatar.com\/avatar\/cbcb92d2d459f60d1dc08d6e5973c6b0ed1017e8a3b51da0599e03841cfa81e6?s=96&d=mm&r=g","height":96,"width":96}},"publisher":{"@type":"Organization","name":"marinara.sk","logo":{"@type":"ImageObject","@id":"\/logo.png","url":"\/logo.png","width":600,"height":60}},"image":{"@type":"ImageObject","@id":"https:\/\/www.marinara.sk\/wp-content\/uploads\/img_a303031_w16647_t1562684502.jpg","url":"https:\/\/www.marinara.sk\/wp-content\/uploads\/img_a303031_w16647_t1562684502.jpg","height":0,"width":0},"keywords":null},{"@type":"Article","@id":"https:\/\/www.marinara.sk\/zivot-bez-auta-alebo-radsej-s-nim\/","headline":"\u017divot bez auta alebo rad\u0161ej s n\u00edm?","url":"https:\/\/www.marinara.sk\/zivot-bez-auta-alebo-radsej-s-nim\/","datePublished":"2018-10-12","dateModified":"2023-04-27","mainEntityOfPage":"https:\/\/www.marinara.sk\/zivot-bez-auta-alebo-radsej-s-nim\/","author":{"@type":"Person","@id":"https:\/\/www.marinara.sk\/author\/#Person","name":"","url":"https:\/\/www.marinara.sk\/author\/","identifier":1,"image":{"@type":"ImageObject","@id":"https:\/\/secure.gravatar.com\/avatar\/cbcb92d2d459f60d1dc08d6e5973c6b0ed1017e8a3b51da0599e03841cfa81e6?s=96&d=mm&r=g","url":"https:\/\/secure.gravatar.com\/avatar\/cbcb92d2d459f60d1dc08d6e5973c6b0ed1017e8a3b51da0599e03841cfa81e6?s=96&d=mm&r=g","height":96,"width":96}},"publisher":{"@type":"Organization","name":"marinara.sk","logo":{"@type":"ImageObject","@id":"\/logo.png","url":"\/logo.png","width":600,"height":60}},"image":{"@type":"ImageObject","@id":"https:\/\/www.marinara.sk\/wp-content\/uploads\/img_a292131_w16647_t1539762532.jpg","url":"https:\/\/www.marinara.sk\/wp-content\/uploads\/img_a292131_w16647_t1539762532.jpg","height":0,"width":0},"keywords":null}]}